{"id":87978,"date":"2020-09-07T12:58:48","date_gmt":"2020-09-07T12:58:48","guid":{"rendered":"https:\/\/www.demac.it\/nuova-gamma-di-avvolgicavo-per-telecamera-per-carrelli-elevatori\/"},"modified":"2021-03-08T08:37:33","modified_gmt":"2021-03-08T08:37:33","slug":"nouvelle-gamme-denrouleurs-de-cables-camera-pour-chariots-elevateurs","status":"publish","type":"post","link":"https:\/\/www.demac.it\/fr\/nouvelle-gamme-denrouleurs-de-cables-camera-pour-chariots-elevateurs\/","title":{"rendered":"Nouvelle gamme d&rsquo;enrouleurs de c\u00e2bles cam\u00e9ra pour chariots \u00e9l\u00e9vateurs"},"content":{"rendered":"<div class=\"wpb-content-wrapper\"><p>[vc_row][vc_column][vc_column_text]<\/p>\n<hr \/>\n<p>[\/vc_column_text][\/vc_column][\/vc_row][vc_row][vc_column width=\u00a0\u00bb1\/2&Prime;][vc_single_image image=\u00a0\u00bb87979&Prime; img_size=\u00a0\u00bbfull\u00a0\u00bb][\/vc_column][vc_column width=\u00a0\u00bb1\/2&Prime; css=\u00a0\u00bb.vc_custom_1589452632201{margin-top: 10px !important;}\u00a0\u00bb col_shadow=\u00a0\u00bbbox_shadow_enable:disable|shadow_horizontal:0|shadow_vertical:15|shadow_blur:50|shadow_spread:0|box_shadow_color:rgba(0%2C0%2C0%2C0.35)\u00a0\u00bb col_shadow_hover=\u00a0\u00bbbox_shadow_enable:disable|shadow_horizontal:0|shadow_vertical:15|shadow_blur:50|shadow_spread:0|box_shadow_color:rgba(0%2C0%2C0%2C0.35)\u00a0\u00bb][vc_column_text]<span class=\"tlid-translation translation\" lang=\"en\"><span class=\"\" title=\"\">Nouvelle gamme d&rsquo;enrouleurs de c\u00e2bles cam\u00e9ra pour chariots \u00e9l\u00e9vateurs<\/span><\/span>[\/vc_column_text]<div class=\"dfd-spacer-module\"  data-units=\"px\" data-wide_resolution=\"1280\" data-wide_size=\"30\" data-normal_resolution=\"1024\" data-normal_size=\"\" data-tablet_resolution=\"800\" data-tablet_size=\"\" data-mobile_resolution=\"480\" data-mobile_size=\"\" style=\"height: 30px;\"><\/div>[\/vc_column][\/vc_row][vc_row][vc_column][\/vc_column][\/vc_row]<\/p>\n<\/div>","protected":false},"excerpt":{"rendered":"<p>[vc_row][vc_column][vc_column_text] [\/vc_column_text][\/vc_column][\/vc_row][vc_row][vc_column width=\u00a0\u00bb1\/2&Prime;][vc_single_image image=\u00a0\u00bb87979&Prime; img_size=\u00a0\u00bbfull\u00a0\u00bb][\/vc_column][vc_column width=\u00a0\u00bb1\/2&Prime; css=\u00a0\u00bb.vc_custom_1589452632201{margin-top: 10px !important;}\u00a0\u00bb col_shadow=\u00a0\u00bbbox_shadow_enable:disable|shadow_horizontal:0|shadow_vertical:15|shadow_blur:50|shadow_spread:0|box_shadow_color:rgba(0%2C0%2C0%2C0.35)\u00a0\u00bb col_shadow_hover=\u00a0\u00bbbox_shadow_enable:disable|shadow_horizontal:0|shadow_vertical:15|shadow_blur:50|shadow_spread:0|box_shadow_color:rgba(0%2C0%2C0%2C0.35)\u00a0\u00bb][vc_column_text]Nouvelle gamme d&rsquo;enrouleurs de c\u00e2bles cam\u00e9ra pour chariots \u00e9l\u00e9vateurs[\/vc_column_text][\/vc_column][\/vc_row][vc_row][vc_column][\/vc_column][\/vc_row]<\/p>\n","protected":false},"author":1,"featured_media":87979,"comment_status":"closed","ping_status":"closed","sticky":false,"template":"","format":"standard","meta":{"footnotes":""},"categories":[265],"tags":[],"class_list":["post-87978","post","type-post","status-publish","format-standard","has-post-thumbnail","hentry","category-nouveaux-produits"],"_links":{"self":[{"href":"https:\/\/www.demac.it\/fr\/wp-json\/wp\/v2\/posts\/87978","targetHints":{"allow":["GET"]}}],"collection":[{"href":"https:\/\/www.demac.it\/fr\/wp-json\/wp\/v2\/posts"}],"about":[{"href":"https:\/\/www.demac.it\/fr\/wp-json\/wp\/v2\/types\/post"}],"author":[{"embeddable":true,"href":"https:\/\/www.demac.it\/fr\/wp-json\/wp\/v2\/users\/1"}],"replies":[{"embeddable":true,"href":"https:\/\/www.demac.it\/fr\/wp-json\/wp\/v2\/comments?post=87978"}],"version-history":[{"count":2,"href":"https:\/\/www.demac.it\/fr\/wp-json\/wp\/v2\/posts\/87978\/revisions"}],"predecessor-version":[{"id":87981,"href":"https:\/\/www.demac.it\/fr\/wp-json\/wp\/v2\/posts\/87978\/revisions\/87981"}],"wp:featuredmedia":[{"embeddable":true,"href":"https:\/\/www.demac.it\/fr\/wp-json\/wp\/v2\/media\/87979"}],"wp:attachment":[{"href":"https:\/\/www.demac.it\/fr\/wp-json\/wp\/v2\/media?parent=87978"}],"wp:term":[{"taxonomy":"category","embeddable":true,"href":"https:\/\/www.demac.it\/fr\/wp-json\/wp\/v2\/categories?post=87978"},{"taxonomy":"post_tag","embeddable":true,"href":"https:\/\/www.demac.it\/fr\/wp-json\/wp\/v2\/tags?post=87978"}],"curies":[{"name":"wp","href":"https:\/\/api.w.org\/{rel}","templated":true}]}}